{"id":13988,"date":"2020-06-23T13:31:12","date_gmt":"2020-06-23T11:31:12","guid":{"rendered":"https:\/\/www.luxor.cz\/blog\/?p=13988"},"modified":"2020-06-23T13:31:12","modified_gmt":"2020-06-23T11:31:12","slug":"zuzana-dostalova-misto-nocniho-stolku-mam-parapet","status":"publish","type":"post","link":"https:\/\/www.luxor.cz\/blog\/rozhovor\/zuzana-dostalova-misto-nocniho-stolku-mam-parapet\/","title":{"rendered":"Zuzana Dost\u00e1lov\u00e1: M\u00edsto no\u010dn\u00edho stolku m\u00e1m parapet"},"content":{"rendered":"<p><strong>Zuzana Dost\u00e1lov\u00e1 je dcerou spisovatele, scen\u00e1risty a re\u017eis\u00e9ra Zeno Dost\u00e1la. Nejd\u0159\u00edve se po stop\u00e1ch otce nevydala, vystudovala pra\u017eskou konzervato\u0159 a JAMU v\u00a0Brn\u011b, obor violoncello. Pak se ale stejn\u011b k\u00a0psan\u00ed dostala, zalo\u017eila facebookov\u00fd projekt Pov\u00eddky ze zdi. Pak u\u017e nebylo daleko k\u00a0vlastn\u00edmu rom\u00e1nu, jej\u00ed prvotinou se stala kniha<a href=\"https:\/\/www.luxor.cz\/product\/proc-vsichni-odchazeji-zbo000177363\"> Pro\u010d v\u0161ichni odch\u00e1zej\u00ed<\/a> v\u00a0roce 2016. Jak se dostala ke psan\u00ed, kde bere inspiraci \u010di co bav\u00ed ji samotnou, prozradila v\u00a0rozhovoru.<\/strong><\/p>\n<p><strong>Vyrostla jste v\u00a0rodin\u011b spisovatele, ale rozhodla jste se nejd\u0159\u00edve vydat hudebn\u00ed cestou. Co v\u00e1s nakonec p\u0159it\u00e1hlo ke psan\u00ed?<\/strong><br \/>\nD\u016fvody byly dva. P\u0159ed p\u011bti lety jsem na Facebooku zalo\u017eila projekt <em>Pov\u00eddky ze zdi<\/em>. Podstatou je \u0161tafetov\u00e9 psan\u00ed pov\u00eddek a jin\u00fdch liter\u00e1rn\u00edch \u00fatvar\u016f. T\u00edm, jak pov\u00eddky nar\u016fstaly, zvy\u0161oval se z\u00e1rove\u0148 po\u010det \u010dten\u00e1\u0159\u016f. T\u011bm se n\u00e1pad l\u00edbil a pom\u011brn\u011b \u010dasto mi do zpr\u00e1v psali, zdali bych necht\u011bla napsat knihu, \u017ee by si r\u00e1di n\u011bco ode m\u011b p\u0159e\u010detli. Druh\u00fdm impulsem byl fakt, \u017ee jsem vyr\u016fstala v\u00a0um\u011bleck\u00e9 rodin\u011b, jak bylo zm\u00edn\u011bno, m\u016fj tat\u00ednek byl spisovatel. Cel\u00e9 moje d\u011btstv\u00ed sed\u00e1val u psac\u00edho stroje a psal. Bylo tu proto p\u0159edpoklad, \u017ee bych se touto cestou mohla jednou vydat. Nadto jsem m\u011bla velkou pot\u0159ebu m\u016fj vztah s\u00a0tat\u00ednkem zaznamenat. Zem\u0159el toti\u017e brzy a j\u00e1 c\u00edtila jak\u00fdsi dluh. Vznikla tak moje prvotina, autobiografick\u00e1 novela Pro\u010d v\u0161ichni odch\u00e1zej\u00ed.<\/p>\n<p><strong>M\u00e1te n\u011bjak\u00e9 obl\u00edben\u00e9 spisovatele, kter\u00e9 byste ozna\u010dila za sv\u00e9 vzory?<\/strong><br \/>\nM\u00e1m r\u00e1da rusk\u00fd realismus, Gogola, Dostojevsk\u00e9ho, Tolstoje, \u010cechova, velmi obecn\u011b \u0159e\u010deno jejich n\u00e1hledy na lidskou spole\u010dnost, charakter postav, mor\u00e1ln\u00ed poklesky, jejich popis rozkladu osobnosti, tu syrovost a hutnost. M\u00e1m ale r\u00e1da i Jaroslava Havl\u00ed\u010dka a jeho skv\u011bl\u00e9ho Neviditeln\u00e9ho. Irvinga, Kafku, Exup\u00e9ryho.<\/p>\n<p><strong>Kde se vzal n\u00e1pad na Pov\u00eddky ze zdi a jak cel\u00fd projekt funguje?<\/strong><br \/>\nN\u00e1pad to byl spont\u00e1nn\u00ed. P\u0159em\u00fd\u0161lela jsem, jak efektivn\u011b soci\u00e1ln\u00ed s\u00edt\u011b vyu\u017e\u00edt, tak, aby vznikalo n\u011bco u\u017eite\u010dn\u00e9ho a z\u00e1rove\u0148, aby to lidi bavilo. Moje soci\u00e1ln\u00ed bublina se rozr\u016fstala, vstupovali do n\u00ed zaj\u00edmav\u00ed lid\u00e9, v\u011bt\u0161inou ti, kte\u0159\u00ed m\u011bli bl\u00edzko k psan\u00ed. Uv\u011bdomila jsem si, \u017ee pr\u00e1v\u011b Facebook m\u016f\u017ee poskytnout prostor pro podobnou spole\u010dnou pr\u00e1ci. P\u0159idanou hodnotou bylo, \u017ee m\u016f\u017ee vzniknout spole\u010denstv\u00ed, ve kter\u00e9m se protnou jak \u010dten\u00e1\u0159i, tak i auto\u0159i, a to okam\u017eit\u011b. Promyslela jsem si syst\u00e9m, kter\u00fd se ust\u00e1lil. Ka\u017edou pov\u00eddku p\u00ed\u0161e p\u011bt autor\u016f, ka\u017ed\u00fd m\u00e1 na svoji \u010d\u00e1st 24 hodin, a ka\u017ed\u00fd p\u00ed\u0161e plus minus jednu normostranu. J\u00e1 tzv. \u201cvykopnu\u201c prvn\u00ed \u010d\u00e1st a dal\u0161\u00ed auto\u0159i se \u0161tafetov\u011b p\u0159id\u00e1vaj\u00ed. V\u0161e b\u011b\u017e\u00ed online, je to v\u00a0podstat\u011b liter\u00e1rn\u00ed hra pln\u00e1 o\u010dek\u00e1v\u00e1n\u00ed, ale i dobr\u00e1 \u0161kola tv\u016fr\u010d\u00edho psan\u00ed.<\/p>\n<div id=\"attachment_13991\" style=\"width: 790px\" class=\"wp-caption aligncenter\"><img fetchpriority=\"high\" decoding=\"async\" aria-describedby=\"caption-attachment-13991\" class=\"size-full wp-image-13991\" src=\"https:\/\/www.luxor.cz\/blog\/wp-content\/uploads\/Sob\u011bsta\u010dn\u00fd-blog2.png\" alt=\"\" width=\"780\" height=\"519\" title=\"\" srcset=\"https:\/\/www.luxor.cz\/blog\/wp-content\/uploads\/Sob\u011bsta\u010dn\u00fd-blog2.png 780w, https:\/\/www.luxor.cz\/blog\/wp-content\/uploads\/Sob\u011bsta\u010dn\u00fd-blog2-600x399.png 600w, https:\/\/www.luxor.cz\/blog\/wp-content\/uploads\/Sob\u011bsta\u010dn\u00fd-blog2-300x200.png 300w, https:\/\/www.luxor.cz\/blog\/wp-content\/uploads\/Sob\u011bsta\u010dn\u00fd-blog2-768x511.png 768w\" sizes=\"(max-width: 780px) 100vw, 780px\" \/><p id=\"caption-attachment-13991\" class=\"wp-caption-text\">Zuzana Dost\u00e1lov\u00e1 se svou nejnov\u011bj\u0161\u00ed knihou Sob\u011bsta\u010dn\u00fd<\/p><\/div>\n<p><strong>Mohou se do n\u011bj p\u0159ihl\u00e1sit i tzv. oby\u010dejn\u00ed lid\u00e9, kte\u0159\u00ed t\u0159eba doma p\u00ed\u0161\u00ed do \u0161upl\u00edku?<\/strong><br \/>\nJe to p\u0159esn\u011b tak. P\u00ed\u0161\u00ed renomovan\u00ed spisovatel\u00e9, novin\u00e1\u0159i, ale i ti, kter\u00e9 psan\u00ed zkr\u00e1tka bav\u00ed a ve sv\u00e9m voln\u00e9m \u010dase si p\u00ed\u0161\u00ed do \u0161upl\u00edku. Napsali jsme t\u00e9m\u011b\u0159 pades\u00e1t pov\u00eddek, psalo p\u0159es \u0161edes\u00e1t autor\u016f. Kdyby se v\u0161echny texty daly na pap\u00edr, rozsahem by vydaly na dv\u011b po\u0159\u00e1dn\u00e9 knihy.<\/p>\n<p><strong>Sv\u00e9 p\u0159edn\u00e1\u0161ky, v\u00a0r\u00e1mci projektu Pov\u00eddky ze zdi, doprov\u00e1z\u00edte hrou na violoncello. Da\u0159\u00ed se v\u00e1m tedy ob\u011b svoje v\u00e1\u0161n\u011b \u2013 hudbu a literaturu \u2013 spojovat \u010di rovnom\u011brn\u011b mezi n\u011b d\u011blit svou pozornost?<br \/>\n<\/strong>Naprosto. Naopak, kdyby nebylo jednoho, nebylo by ani druh\u00e9ho. Alespo\u0148 v\u00a0p\u0159\u00edpad\u011b psan\u00ed. Hodn\u011b cestuji, koncertuji po sv\u011bt\u011b, a pr\u00e1v\u011b cesty do koncertn\u00edch s\u00edn\u00ed mi poskytuj\u00ed prostor pro psan\u00ed. D\u00e1 se \u0159\u00edci, \u017ee posledn\u00ed dv\u011b knihy vznikly na cest\u00e1ch. <a href=\"https:\/\/www.luxor.cz\/product\/hodinky-od-asera-zbo000172846\"><strong>Hodinky od A\u0161era<\/strong><\/a> jsem dopsala v\u00a0Norsku, <a href=\"https:\/\/www.luxor.cz\/product\/sobestacny-zbo000319840\"><strong>Sob\u011bsta\u010dn\u00e9ho<\/strong><\/a> v\u00a0Krakov\u011b. Co se t\u00fdk\u00e1 pov\u00eddek a hudebn\u00edho doprovodu, hraji pod \u010dten\u00fd text. Funguje to dob\u0159e. Hudba m\u00e1 velmi bl\u00edzko k\u00a0literatu\u0159e.<\/p>\n<p><strong>Va\u0161imi hrdiny jsou p\u0159ev\u00e1\u017en\u011b d\u011bti \u010di mlad\u00ed dosp\u011bl\u00ed, kte\u0159\u00ed se pot\u00fdkaj\u00ed s\u00a0nep\u0159\u00edzn\u00ed osudu \u010di strastmi v\u00a0rodin\u011b. Jak se dok\u00e1\u017eete do jejich probl\u00e9m\u016f vc\u00edtit?<\/strong><br \/>\nT\u00edm, \u017ee prov\u00e1z\u00edm \u017eivotem d\u011btsk\u00e9 hrdiny by se mohlo zd\u00e1t, \u017ee p\u00ed\u0161i knihy pro d\u011bti, ale nen\u00ed tomu tak. P\u00ed\u0161i pro dosp\u011bl\u00e9 \u010dten\u00e1\u0159e, av\u0161ak r\u00e1da nahl\u00ed\u017e\u00edm do d\u011btsk\u00fdch du\u0161\u00ed. Sv\u011bt d\u00edt\u011bte je \u010dist\u0161\u00ed, up\u0159\u00edmn\u011bj\u0161\u00ed, zraniteln\u011bj\u0161\u00ed. \u010clov\u011bk se m\u016f\u017ee vypsat ze sv\u00fdch d\u011btsk\u00fdch k\u0159ivd, o\u0161et\u0159it du\u0161i a mnoh\u00e9 si osv\u011btlit.<\/p>\n<p><strong>A co v\u00e1s na podobn\u00fdch, slo\u017eit\u00fdch t\u00e9matech p\u0159itahuje?<\/strong><br \/>\nM\u00e1m r\u00e1da soci\u00e1ln\u00ed t\u00e9mata. Vztahy lid\u00ed, jejich kon\u00e1n\u00ed. \u010clov\u011bk nemus\u00ed pro n\u00e1m\u011bt chodit daleko, sta\u010d\u00ed se d\u00edvat kolem sebe a naslouchat. A to m\u011b pr\u00e1v\u011b p\u0159itahuje. Nen\u00ed t\u0159eba vytv\u00e1\u0159et fikce, \u017eivot n\u00e1m nab\u00edz\u00ed nespo\u010det situac\u00ed. Sob\u011bsta\u010dn\u00fd nap\u0159\u00edklad vznikl na z\u00e1klad\u011b t\u00e9m\u011b\u0159 t\u0159i\u010dtvrt\u011bhodinov\u00e9ho rozhovoru otce se synem, kter\u00fd jsem vyslechla v\u00a0m\u011bstsk\u00e9 hromadn\u00e9 doprav\u011b. Otec si bral chlapce na v\u00edkend k\u00a0sob\u011b do nov\u00e9 rodiny. Jejich dialogy a reakce byly zoufal\u00e9 a bylo mi z\u00a0toho \u00fazko. Toho kluka jsem si okam\u017eit\u011b zamilovala a ani vte\u0159inu jsem nev\u00e1hala v\u011bnovat mu hodiny \u010dasu u po\u010d\u00edta\u010de. Byl to m\u016fj hrdina. V\u00a0rom\u00e1nu jsem mu dala jm\u00e9no \u0160t\u011bp\u00e1n a popsala \u017eivot jeho o\u010dima. Smutn\u00fdma o\u010dima, kter\u00e9 jsem vid\u011bla.<\/p>\n<p><strong>Na knize Johana jste spolupracovala s\u00a0dal\u0161\u00edmi dv\u011bma spisovatelkami \u2013 Pavlou Hor\u00e1kovou a Alenou Scheinostovou. Je slo\u017eit\u00e9 spojit vyprav\u011b\u010dsk\u00fd styl s\u00a0dal\u0161\u00edmi autorkami a narazily jste p\u0159i psan\u00ed tohoto rom\u00e1nu na n\u011bjak\u00e1 \u00faskal\u00ed?<\/strong><br \/>\nKniha <a href=\"https:\/\/www.luxor.cz\/product\/johana-zbo000172840\"><strong>Johana<\/strong><\/a> vznikla p\u0159irozen\u011b z\u00a0Pov\u00eddek ze zdi, p\u0159esn\u011bji, ze \u0161tafetov\u00e9ho psan\u00ed. S Pavlou Hor\u00e1kovou a Alenou Scheinostovou jsme se p\u0159i spole\u010dn\u00e9m psan\u00ed potkaly n\u011bkolikr\u00e1t. Kdy\u017e m\u011b napadla Johana, vlastn\u011b jsem ani nep\u0159em\u00fd\u0161lela, kdo by se zhostil zbyl\u00fdch dvou \u010d\u00e1st\u00ed. Nehled\u011b na to, \u017ee jsme velk\u00e9 kamar\u00e1dky. Pr\u00e1ce to byla kr\u00e1sn\u00e1, vyprav\u011b\u010dsk\u00fd styl jsme nijak nekonzultovaly, v\u011b\u0159\u00edme si, t\u011b\u0161ily jsme se, co ka\u017ed\u00e1 z\u00a0n\u00e1s Johan\u011b p\u0159ichyst\u00e1, a podporovaly se. Byla to moc hezk\u00e1 etapa a semklo n\u00e1s to.<\/p>\n<p><strong>Kde hled\u00e1te pro sv\u00e9 knihy inspiraci?<\/strong><br \/>\nV\u00a0kav\u00e1rn\u00e1ch, v\u00a0dopravn\u00edch prost\u0159edc\u00edch, v\u00a0n\u00e1kupn\u00edch \u0159et\u011bzc\u00edch, na p\u00f3diu, ale i v\u00a0hledi\u0161ti. Nech\u00e1v\u00e1m si vypr\u00e1v\u011bt p\u0159\u00edhody koleg\u016f, kamar\u00e1d\u016f, kamar\u00e1dek. Sleduji zpovzd\u00e1l\u00ed v\u0161echno, co se kolem m\u011b d\u011bje. Vyhodnocuji a t\u0159\u00edd\u00edm d\u016fle\u017eit\u00e9 od ned\u016fle\u017eit\u00e9ho. Tak jako u zmi\u0148ovan\u00e9ho \u0160t\u011bp\u00e1na z\u00a0<a href=\"https:\/\/www.luxor.cz\/product\/sobestacny-zbo000319840\">moj\u00ed posledn\u00ed knihy<\/a>. Jeho osud ovlivnili rozveden\u00ed rodi\u010de. Toto t\u00e9ma je st\u00e1le aktu\u00e1ln\u00ed, d\u016fle\u017eit\u00e9, a je t\u0159eba ho p\u0159ipom\u00ednat.<\/p>\n<p><strong>M\u00e1te n\u011bjak\u00fd ritu\u00e1l p\u0159i p\u0159\u00edprav\u011b knihy \u010di samotn\u00e9m psan\u00ed?<\/strong><br \/>\nT\u00edm, \u017ee p\u00ed\u0161i na cest\u00e1ch, v\u00a0kav\u00e1rn\u00e1ch, ale samoz\u0159ejm\u011b i doma, jsem byla nucena odpojit se od okoln\u00edho sv\u011bta muzikou. D\u00e1m si do u\u0161\u00ed sluch\u00e1tka a pak jsem schopna ps\u00e1t kdekoliv. Dokonce to dosp\u011blo tak daleko, \u017ee poslouch\u00e1m, i kdy\u017e nemus\u00edm. Vyhovuje mi to. Hudba je neskute\u010dn\u011b inspiruj\u00edc\u00ed.<\/p>\n<p><strong>\u010c\u00edm se nejrad\u011bji bav\u00edte ve voln\u00e9m \u010dase?<\/strong><br \/>\nVe voln\u00e9m \u010dase p\u00ed\u0161i a cvi\u010d\u00edm na violoncello, proto\u017ee \u010dlov\u011bk se mus\u00ed udr\u017eovat ve form\u011b. Tak\u00e9 hodn\u011b chod\u00edm. Nejsem zrovna typ, kter\u00fd by m\u011bl v\u00a0oblib\u011b sport, ale o sv\u00e9 t\u011blo bychom se alespo\u0148 trochu starat m\u011bli. Nau\u010dila jsem se proto chodit del\u0161\u00ed trasy. Vezmu po\u010d\u00edta\u010d a jdu deset kilometr\u016f do kav\u00e1rny\u2026 ps\u00e1t. To je pak dvojn\u00e1sobn\u00e1 radost.<\/p>\n<p><img decoding=\"async\" class=\"aligncenter size-full wp-image-13992\" src=\"https:\/\/www.luxor.cz\/blog\/wp-content\/uploads\/Sob\u011bsta\u010dn\u00fd-blog3.png\" alt=\"\" width=\"780\" height=\"519\" title=\"\" srcset=\"https:\/\/www.luxor.cz\/blog\/wp-content\/uploads\/Sob\u011bsta\u010dn\u00fd-blog3.png 780w, https:\/\/www.luxor.cz\/blog\/wp-content\/uploads\/Sob\u011bsta\u010dn\u00fd-blog3-600x399.png 600w, https:\/\/www.luxor.cz\/blog\/wp-content\/uploads\/Sob\u011bsta\u010dn\u00fd-blog3-300x200.png 300w, https:\/\/www.luxor.cz\/blog\/wp-content\/uploads\/Sob\u011bsta\u010dn\u00fd-blog3-768x511.png 768w\" sizes=\"(max-width: 780px) 100vw, 780px\" \/><\/p>\n<p><strong>Jste sama knihomolkou a co v\u00e1s na \u010dten\u00ed bav\u00ed?<\/strong><br \/>\n\u010cten\u00ed d\u00e1v\u00e1 prostor fantazii, nech\u00e1v\u00e1 nahl\u00e9dnout do jin\u00fdch sv\u011bt\u016f, podn\u011bcuje \u010dlov\u011bka p\u0159em\u00fd\u0161let o v\u011bcech, o kter\u00fdch by za jin\u00fdch okolnost\u00ed ani nep\u0159em\u00fd\u0161lel. M\u00e1m velkou radost, \u017ee v\u00a0dne\u0161n\u00ed dob\u011b lid\u00e9 \u010dtou, d\u0159\u00edv to bylo b\u011b\u017en\u011bj\u0161\u00ed, nebyly soci\u00e1ln\u00ed s\u00edt\u011b. Vyd\u00e1valo se ve velk\u00fdch n\u00e1kladech, kdo v\u00a0devades\u00e1t\u00fdch letech nekr\u00e1\u010del s\u00a0knihou v\u00a0ruce, jako by nebyl, alespo\u0148 co se um\u011bleck\u00e9ho prost\u0159ed\u00ed t\u00fdkalo. Proto jsem r\u00e1da, \u017ee i te\u010f lidi bav\u00ed \u010d\u00edst a \u010dten\u00e1\u0159i vyu\u017e\u00edvaj\u00ed s\u00edt\u011b ke sd\u00edlen\u00ed jejich \u010dten\u00e1\u0159sk\u00fdch z\u00e1\u017eitk\u016f.<\/p>\n<p><strong>Jak\u00e1 kniha te\u010f \u010dek\u00e1 na va\u0161em no\u010dn\u00edm stolku?<\/strong><br \/>\n\u017d\u00e1dn\u00e1. Nem\u00e1m toti\u017e no\u010dn\u00ed stolek, m\u00e1m parapet, proto\u017ee sp\u00edm u okna. Tak tedy, na m\u00e9m parapetu le\u017e\u00ed Hana, autorku nemus\u00edm, mysl\u00edm, ani zmi\u0148ovat. Nen\u00ed to tak dlouho, co jsem p\u0159e\u010detla Monu Biancy Bellov\u00e9. M\u016fj parapet pojme spoustu knih, cht\u011blo by to jen v\u00edc \u010dasu.<\/p>\n<p><strong>A prozrad\u00edte n\u00e1m, na jak\u00fd p\u0159\u00edb\u011bh se m\u016f\u017eeme t\u011b\u0161it p\u0159\u00ed\u0161t\u011b?<\/strong><br \/>\nPustila jsem se do pro m\u011b doposud jin\u00e9ho \u017e\u00e1nru, a t\u00edm je satira. Pravda, t\u011b\u017ek\u00e1 discipl\u00edna, ale douf\u00e1m, \u017ee se mi poda\u0159\u00ed ji uchopit. Je to n\u00e1ro\u010dn\u00e9, proto\u017ee \u010d\u00edm se bav\u00ed jeden, nemus\u00ed druh\u00fd. P\u0159\u00edb\u011bh jsem zasadila do muzikantsk\u00e9ho prost\u0159ed\u00ed, pro inspiraci si tak nemus\u00edm chodit daleko. Op\u011bt budu \u010derpat z\u00a0toho, co se kolem m\u011b d\u011bje. Co se d\u011bje kolem n\u00e1s. Je d\u016fle\u017eit\u00e9 otv\u00edrat o\u010di a br\u00e1t si ze \u017eivota to dobr\u00e9. Smutku je na sv\u011bt\u011b dost.<\/p>\n<p>D\u011bkuji za rozhovor a t\u011b\u0161\u00edme se na va\u0161i dal\u0161\u00ed kn\u00ed\u017eku.<br \/>\nHelena Herynkov\u00e1<\/p>\n<p>&nbsp;<\/p>\n","protected":false},"excerpt":{"rendered":"<p>Zuzana Dost\u00e1lov\u00e1 je dcerou spisovatele, scen\u00e1risty a re\u017eis\u00e9ra Zeno Dost\u00e1la. Nejd\u0159\u00edve se po stop\u00e1ch otce nevydala, vystudovala pra\u017eskou konzervato\u0159 a JAMU v\u00a0Brn\u011b, obor violoncello. Pak se ale stejn\u011b k\u00a0psan\u00ed dostala, [&hellip;]<\/p>\n","protected":false},"author":4,"featured_media":13989,"comment_status":"open","ping_status":"open","sticky":false,"template":"","format":"standard","meta":{"_acf_changed":false,"_monsterinsights_skip_tracking":false,"_monsterinsights_sitenote_active":false,"_monsterinsights_sitenote_note":"","_monsterinsights_sitenote_category":0,"_EventAllDay":false,"_EventTimezone":"","_EventStartDate":"","_EventEndDate":"","_EventStartDateUTC":"","_EventEndDateUTC":"","_EventShowMap":false,"_EventShowMapLink":false,"_EventURL":"","_EventCost":"","_EventCostDescription":"","_EventCurrencySymbol":"","_EventCurrencyCode":"","_EventCurrencyPosition":"","_EventDateTimeSeparator":"","_EventTimeRangeSeparator":"","_EventOrganizerID":[],"_EventVenueID":[],"_OrganizerEmail":"","_OrganizerPhone":"","_OrganizerWebsite":"","_VenueAddress":"","_VenueCity":"","_VenueCountry":"","_VenueProvince":"","_VenueState":"","_VenueZip":"","_VenuePhone":"","_VenueURL":"","_VenueStateProvince":"","_VenueLat":"","_VenueLng":"","_VenueShowMap":false,"_VenueShowMapLink":false,"twitterCardType":"","cardImageID":0,"cardImage":"","cardTitle":"","cardDesc":"","cardImageAlt":"","cardPlayer":"","cardPlayerWidth":0,"cardPlayerHeight":0,"cardPlayerStream":"","cardPlayerCodec":"","footnotes":""},"categories":[8],"tags":[20746,37,20852,20851,36,18341,18344,20853,20854,20850],"class_list":["post-13988","post","type-post","status-publish","format-standard","has-post-thumbnail","hentry","category-rozhovor","tag-cas-na-cteni","tag-cteni","tag-hodinky-od-asera","tag-johana","tag-knihy","tag-recenze","tag-rozhovor","tag-sobestacny","tag-zeno-dostal","tag-zuzana-dostalova"],"acf":{"related_products":null},"_links":{"self":[{"href":"https:\/\/www.luxor.cz\/blog\/wp-json\/wp\/v2\/posts\/13988","targetHints":{"allow":["GET"]}}],"collection":[{"href":"https:\/\/www.luxor.cz\/blog\/wp-json\/wp\/v2\/posts"}],"about":[{"href":"https:\/\/www.luxor.cz\/blog\/wp-json\/wp\/v2\/types\/post"}],"author":[{"embeddable":true,"href":"https:\/\/www.luxor.cz\/blog\/wp-json\/wp\/v2\/users\/4"}],"replies":[{"embeddable":true,"href":"https:\/\/www.luxor.cz\/blog\/wp-json\/wp\/v2\/comments?post=13988"}],"version-history":[{"count":0,"href":"https:\/\/www.luxor.cz\/blog\/wp-json\/wp\/v2\/posts\/13988\/revisions"}],"wp:featuredmedia":[{"embeddable":true,"href":"https:\/\/www.luxor.cz\/blog\/wp-json\/wp\/v2\/media\/13989"}],"wp:attachment":[{"href":"https:\/\/www.luxor.cz\/blog\/wp-json\/wp\/v2\/media?parent=13988"}],"wp:term":[{"taxonomy":"category","embeddable":true,"href":"https:\/\/www.luxor.cz\/blog\/wp-json\/wp\/v2\/categories?post=13988"},{"taxonomy":"post_tag","embeddable":true,"href":"https:\/\/www.luxor.cz\/blog\/wp-json\/wp\/v2\/tags?post=13988"}],"curies":[{"name":"wp","href":"https:\/\/api.w.org\/{rel}","templated":true}]}}