{"id":13680,"date":"2020-05-26T12:04:28","date_gmt":"2020-05-26T10:04:28","guid":{"rendered":"https:\/\/www.luxor.cz\/blog\/?p=13680"},"modified":"2020-05-26T12:23:03","modified_gmt":"2020-05-26T10:23:03","slug":"shari-lapena-rada-vodim-ctenare-za-nos","status":"publish","type":"post","link":"https:\/\/www.luxor.cz\/blog\/rozhovor\/shari-lapena-rada-vodim-ctenare-za-nos\/","title":{"rendered":"Shari Lapena: R\u00e1da vod\u00edm \u010dten\u00e1\u0159e za nos"},"content":{"rendered":"<p><strong>Autorka bestseller\u016f <a href=\"https:\/\/www.luxor.cz\/product\/manzele-odvedle-zbo000112919\">Man\u017eel\u00e9 odvedle<\/a>, <a href=\"https:\/\/www.luxor.cz\/product\/nekdo-cizi-v-dome-zbo000113235\">N\u011bkdo ciz\u00ed v dom\u011b<\/a> a Nev\u00edtan\u00fd host n\u00e1m poskytla v\u00fdborn\u00fd rozhovor o novince Jeden z n\u00e1s. Pokud m\u00e1te knihy t\u00e9to kanadsk\u00e9 spisovatelky r\u00e1di, ur\u010dit\u011b \u010dt\u011bte d\u00e1l!<\/strong><\/p>\n<p><strong>V\u00e1\u0161 v\u00fdlet do \u010ceska byl bohu\u017eel zru\u0161en kv\u016fli koronaviru. Jak to pro\u017e\u00edv\u00e1te?<\/strong><br \/>\nMoc m\u011b to mrz\u00ed! Praha je jedno z\u00a0nejslavn\u011bj\u0161\u00edch a nejromanti\u010dt\u011bj\u0161\u00edch m\u011bst v\u00a0Evrop\u011b a nikdy jsem tam nebyla, tak\u017ee jsem se opravdu t\u011b\u0161ila. Ale jak s\u00a0oblibou \u0159\u00edk\u00e1m: \u017eivot je jako dobr\u00e1 detektivka, nikdy nev\u00edte, co p\u0159ijde p\u0159\u00ed\u0161t\u011b. V\u011b\u0159\u00edm ale, \u017ee se za v\u00e1mi pod\u00edv\u00e1m t\u0159eba za rok!<\/p>\n<p><strong>V\u00a0\u010de\u0161tin\u011b te\u010f vych\u00e1z\u00ed va\u0161e novinka Jeden z\u00a0n\u00e1s. Na co se v\u00a0knize m\u00e1me p\u0159ipravit?<\/strong><br \/>\nN\u011bkdy je nejlep\u0161\u00ed nem\u00edt \u017e\u00e1dn\u00e1 o\u010dek\u00e1v\u00e1n\u00ed, proto\u017ee j\u00e1 je r\u00e1da p\u0159evrac\u00edm naruby! Jeden z n\u00e1s je p\u0159\u00edb\u011bh o dosp\u00edvaj\u00edc\u00edm chlapci, kter\u00fd se za\u010dne vloup\u00e1vat do dom\u016f a do po\u010d\u00edta\u010d\u016f, aby zjistil tajemstv\u00ed sv\u00fdch soused\u016f. V\u00a0sousedstv\u00ed je tou dobou zavra\u017ed\u011bna \u017eena a policist\u00e9 i soused\u00e9 se sna\u017e\u00ed p\u0159ij\u00edt na to, kdo ji zabil. Je jasn\u00e9, \u017ee to je jeden z\u00a0nich, co\u017e je mysl\u00edm d\u016fvod, pro\u010d kniha \u010dten\u00e1\u0159i ned\u00e1 sp\u00e1t.<\/p>\n<p><strong>\u010c\u00edm se <a href=\"https:\/\/www.luxor.cz\/product\/jeden-z-nas-zbo000313933\">Jeden z\u00a0n\u00e1s<\/a> li\u0161\u00ed od va\u0161ich p\u0159edchoz\u00edch knih Man\u017eel\u00e9 odvedle, N\u011bkdo ciz\u00ed v\u00a0dom\u011b a Nev\u00edtan\u00fd host?<\/strong><br \/>\nMysl\u00edm, \u017ee nejv\u011bt\u0161\u00ed rozd\u00edl je, \u017ee tady je v\u00edc vztah\u016f mezi rodi\u010di a d\u011btmi. To m\u011b velice bavilo ps\u00e1t, proto\u017ee sama jsem rodi\u010d.<\/p>\n<p><img fetchpriority=\"high\" decoding=\"async\" class=\"aligncenter size-full wp-image-13683\" src=\"https:\/\/www.luxor.cz\/blog\/wp-content\/uploads\/Shari-Lapena-rozhovor-2.png\" alt=\"\" width=\"780\" height=\"519\" title=\"\" srcset=\"https:\/\/www.luxor.cz\/blog\/wp-content\/uploads\/Shari-Lapena-rozhovor-2.png 780w, https:\/\/www.luxor.cz\/blog\/wp-content\/uploads\/Shari-Lapena-rozhovor-2-600x399.png 600w, https:\/\/www.luxor.cz\/blog\/wp-content\/uploads\/Shari-Lapena-rozhovor-2-300x200.png 300w, https:\/\/www.luxor.cz\/blog\/wp-content\/uploads\/Shari-Lapena-rozhovor-2-768x511.png 768w\" sizes=\"(max-width: 780px) 100vw, 780px\" \/><\/p>\n<p><strong>Jak se v\u00e1m kniha psala? Byl to n\u00e1ro\u010dn\u00fd proces?<\/strong><br \/>\nNapsat knihu nen\u00ed nikdy snadn\u00e9 a thrillery jsou podle m\u011b obzvl\u00e1\u0161\u0165 o\u0159\u00ed\u0161ek. Prvn\u00ed verzi v\u017edycky nap\u00ed\u0161u v\u00a0z\u00e1chvatu nad\u0161en\u00ed, bez jak\u00e9hokoliv pl\u00e1nu a bez p\u0159edstavy, kam se p\u0159\u00edb\u011bh bude vyv\u00edjet. To je ta nejz\u00e1bavn\u011bj\u0161\u00ed \u010d\u00e1st. Pak to za\u010dnu p\u0159episovat, p\u0159epracov\u00e1vat, a to u\u017e up\u0159\u00edmn\u011b za\u010d\u00edn\u00e1 b\u00fdt dost vysiluj\u00edc\u00ed.<\/p>\n<p><strong>V\u00a0knize hraj\u00ed roli modern\u00ed technologie a to, kolik toho o sob\u011b sv\u00fdm telefon\u016fm a po\u010d\u00edta\u010d\u016fm prozrazujeme. Jste s\u017eit\u00e1 s\u00a0technologiemi, nebo preferujete osobn\u00ed kontakt se \u010dten\u00e1\u0159i?<\/strong><br \/>\nNejsem \u00fapln\u011b technick\u00fd typ. K\u00a0nov\u00fdm aplikac\u00edm a technologi\u00edm se v\u017edycky nejd\u0159\u00edv stav\u00edm zdr\u017eenliv\u011b, ale na\u0161t\u011bst\u00ed m\u016fj man\u017eel je aj\u0165\u00e1ck\u00fd g\u00e9nius, tak\u017ee mi moc pom\u00e1h\u00e1. Mysl\u00edm, \u017ee soci\u00e1ln\u00ed s\u00edt\u011b jsou skv\u011bl\u00fd zp\u016fsob, jak b\u00fdt v\u00a0kontaktu se \u010dten\u00e1\u0159i. Pou\u017e\u00edv\u00e1m Instagram, Twitter i str\u00e1nku na Facebooku. Kdykoliv je to mo\u017en\u00e9, r\u00e1da se se \u010dten\u00e1\u0159i setk\u00e1v\u00e1m z\u00a0o\u010d\u00ed do o\u010d\u00ed, ale je to dost t\u011b\u017ek\u00e9, kdy\u017e jsou na cel\u00e9m sv\u011bt\u011b!<\/p>\n<p><strong>Ovlivnily nov\u00e9 technologie psan\u00ed thriller\u016f?<\/strong><br \/>\nUr\u010dit\u011b. V\u00a0dne\u0161n\u00ed dob\u011b auto\u0159i detektivek a thriller\u016f musej\u00ed po\u010d\u00edtat s\u00a0technickou str\u00e1nkou p\u0159\u00edb\u011bhu, kterou d\u0159\u00edv spisovatel\u00e9 \u0159e\u0161it nemuseli. Mobily, sledov\u00e1n\u00ed p\u0159es GPS a tak d\u00e1le. Ale na druhou stranu \u010dlov\u011bk m\u016f\u017ee tyhle technologie ud\u011blat sou\u010d\u00e1st\u00ed z\u00e1pletky, aby byla zaj\u00edmav\u011bj\u0161\u00ed.<\/p>\n<p><strong>\u010ctete r\u00e1da Agathu Christie?<\/strong><br \/>\nAch ano! Na Agat\u011b Christie jsem vyrostla! Kdy\u017e jsem byla mal\u00e1, p\u0159e\u010detla jsem asi v\u0161echno, co kdy napsala.<\/p>\n<p><strong>Pt\u00e1m se proto, \u017ee letos uplyne 130 let od narozen\u00ed t\u00e9to spisovatelky. A va\u0161e kniha <a href=\"https:\/\/www.luxor.cz\/product\/nevitany-host-zbo000232197\">Nev\u00edtan\u00fd host<\/a> v\u00a0sob\u011b inspiraci Deseti mal\u00fdmi \u010dernou\u0161ky nezap\u0159e!<\/strong><br \/>\nAno, to je pravda, \u010cernou\u0161ci m\u011b skute\u010dn\u011b inspirovali k\u00a0naps\u00e1n\u00ed Nev\u00edtan\u00e9ho hosta. Mysl\u00edm, \u017ee Agatha Christie byla mistr na z\u00e1pletky \u2013 skute\u010dn\u00fd g\u00e9nius. V\u00a0knize Vra\u017eda Rogera Ackroyda t\u0159eba vymyslela koncept nespolehliv\u00e9ho vyprav\u011b\u010de, kter\u00fd auto\u0159i thriller\u016f vyu\u017e\u00edvaj\u00ed dodnes! Ale krom\u011b toho se mi na jej\u00edch knih\u00e1ch l\u00edb\u00ed, \u017ee Agatha \u00fa\u017easn\u011b rozum\u011bla lidsk\u00e9 povaze. To je asi d\u016fvod, pro\u010d jej\u00ed knihy nezest\u00e1rly.<\/p>\n<p><strong>Jak jste za\u010dala ps\u00e1t? P\u0159i\u0161la inspirace zni\u010dehonic, nebo jste si dlouho d\u011blala pozn\u00e1mky a pak jste to jenom hodila na pap\u00edr?<\/strong><br \/>\nPro m\u011b je psan\u00ed hlavn\u011b o tvrd\u00e9 discipl\u00edn\u011b. Obvykle se odraz\u00edm od n\u011b\u010deho, co n\u011bkde zaslechnu nebo t\u0159eba \u010dtu ve zpr\u00e1v\u00e1ch, ale na m\u00fazu a n\u00e1hlou inspiraci nev\u011b\u0159\u00edm. Mysl\u00edm, \u017ee kdy\u017e se posad\u00edte k\u00a0po\u010d\u00edta\u010di a za\u010dnete ps\u00e1t, slova a n\u00e1pady p\u0159ijdou.<\/p>\n<p><strong>Jak\u00e1 kniha te\u010f le\u017e\u00ed na va\u0161em no\u010dn\u00edm stolku?<\/strong><br \/>\nLe\u017e\u00ed jich tam opravdu hodn\u011b! Ne\u010dtu jenom thrillery a detektivky, ale taky spole\u010densk\u00e9 rom\u00e1ny, historick\u00e9 knihy a sem tam n\u011bjakou nonfiction.<\/p>\n<p><strong>Zn\u00e1te n\u011bjak\u00e9 \u010desk\u00e9 spisovatele?<\/strong><br \/>\nOsobn\u011b ne, ale \u010detla jsem knihy od Milana Kundery a Josefa \u0160kvoreck\u00e9ho.<\/p>\n<p><strong>M\u00e1te n\u011bjakou \u0161\u00edlenou historku ze setk\u00e1n\u00ed se \u010dten\u00e1\u0159i?<\/strong><br \/>\nHmmm, to je zaj\u00edmav\u00e1 ot\u00e1zka! Moment\u00e1ln\u011b m\u011b nic nenapad\u00e1, ale t\u0159eba k\u00a0n\u011b\u010demu dojde p\u0159\u00ed\u0161t\u00ed rok v\u00a0Praze? Kdo v\u00ed! Ob\u010das ale dost\u00e1v\u00e1m dost \u0161\u00edlen\u00e9 zpr\u00e1vy od \u010dten\u00e1\u0159\u016f. Jednou m\u011b 87let\u00fd p\u00e1n v\u00a0dopise po\u017e\u00e1dal o ruku!<\/p>\n<p>D\u011bkujeme za rozhovor a budeme se t\u011b\u0161it, \u017ee se snad brzy uvid\u00edme i v\u00a0Praze.<\/p>\n<p>Radek Bla\u017eek<\/p>\n","protected":false},"excerpt":{"rendered":"<p>Autorka bestseller\u016f Man\u017eel\u00e9 odvedle, N\u011bkdo ciz\u00ed v dom\u011b a Nev\u00edtan\u00fd host n\u00e1m poskytla v\u00fdborn\u00fd rozhovor o novince Jeden z n\u00e1s. Pokud m\u00e1te knihy t\u00e9to kanadsk\u00e9 spisovatelky r\u00e1di, ur\u010dit\u011b \u010dt\u011bte d\u00e1l! [&hellip;]<\/p>\n","protected":false},"author":2,"featured_media":13681,"comment_status":"open","ping_status":"open","sticky":false,"template":"","format":"standard","meta":{"_acf_changed":false,"_monsterinsights_skip_tracking":false,"_monsterinsights_sitenote_active":false,"_monsterinsights_sitenote_note":"","_monsterinsights_sitenote_category":0,"_EventAllDay":false,"_EventTimezone":"","_EventStartDate":"","_EventEndDate":"","_EventStartDateUTC":"","_EventEndDateUTC":"","_EventShowMap":false,"_EventShowMapLink":false,"_EventURL":"","_EventCost":"","_EventCostDescription":"","_EventCurrencySymbol":"","_EventCurrencyCode":"","_EventCurrencyPosition":"","_EventDateTimeSeparator":"","_EventTimeRangeSeparator":"","_EventOrganizerID":[],"_EventVenueID":[],"_OrganizerEmail":"","_OrganizerPhone":"","_OrganizerWebsite":"","_VenueAddress":"","_VenueCity":"","_VenueCountry":"","_VenueProvince":"","_VenueState":"","_VenueZip":"","_VenuePhone":"","_VenueURL":"","_VenueStateProvince":"","_VenueLat":"","_VenueLng":"","_VenueShowMap":false,"_VenueShowMapLink":false,"twitterCardType":"","cardImageID":0,"cardImage":"","cardTitle":"","cardDesc":"","cardImageAlt":"","cardPlayer":"","cardPlayerWidth":0,"cardPlayerHeight":0,"cardPlayerStream":"","cardPlayerCodec":"","footnotes":""},"categories":[8],"tags":[20731,18344,20806,60],"class_list":["post-13680","post","type-post","status-publish","format-standard","has-post-thumbnail","hentry","category-rozhovor","tag-napeti","tag-rozhovor","tag-shari-lapena","tag-thriller"],"acf":{"related_products":null},"_links":{"self":[{"href":"https:\/\/www.luxor.cz\/blog\/wp-json\/wp\/v2\/posts\/13680","targetHints":{"allow":["GET"]}}],"collection":[{"href":"https:\/\/www.luxor.cz\/blog\/wp-json\/wp\/v2\/posts"}],"about":[{"href":"https:\/\/www.luxor.cz\/blog\/wp-json\/wp\/v2\/types\/post"}],"author":[{"embeddable":true,"href":"https:\/\/www.luxor.cz\/blog\/wp-json\/wp\/v2\/users\/2"}],"replies":[{"embeddable":true,"href":"https:\/\/www.luxor.cz\/blog\/wp-json\/wp\/v2\/comments?post=13680"}],"version-history":[{"count":0,"href":"https:\/\/www.luxor.cz\/blog\/wp-json\/wp\/v2\/posts\/13680\/revisions"}],"wp:featuredmedia":[{"embeddable":true,"href":"https:\/\/www.luxor.cz\/blog\/wp-json\/wp\/v2\/media\/13681"}],"wp:attachment":[{"href":"https:\/\/www.luxor.cz\/blog\/wp-json\/wp\/v2\/media?parent=13680"}],"wp:term":[{"taxonomy":"category","embeddable":true,"href":"https:\/\/www.luxor.cz\/blog\/wp-json\/wp\/v2\/categories?post=13680"},{"taxonomy":"post_tag","embeddable":true,"href":"https:\/\/www.luxor.cz\/blog\/wp-json\/wp\/v2\/tags?post=13680"}],"curies":[{"name":"wp","href":"https:\/\/api.w.org\/{rel}","templated":true}]}}