{"id":13650,"date":"2020-05-18T13:20:20","date_gmt":"2020-05-18T11:20:20","guid":{"rendered":"https:\/\/www.luxor.cz\/blog\/?p=13650"},"modified":"2020-05-18T13:20:20","modified_gmt":"2020-05-18T11:20:20","slug":"stante-se-nasimi-hrdiny","status":"publish","type":"post","link":"https:\/\/www.luxor.cz\/blog\/aktuality\/stante-se-nasimi-hrdiny\/","title":{"rendered":"Sta\u0148te se na\u0161imi hrdiny!"},"content":{"rendered":"<p><strong>Jsme n\u00e1rodem \u010dten\u00e1\u0159\u016f. A pr\u00e1v\u011b te\u010f m\u016f\u017eete touto v\u00e1\u0161n\u00ed zachr\u00e1nit sv\u00e9 obl\u00edben\u00e9 knihkupectv\u00ed Luxor. Sta\u0148te se na\u0161imi hrdiny!\u200b<\/strong><\/p>\n<p>Krize je snad ji\u017e za\u017eehn\u00e1na, nyn\u00ed se za\u010dneme vypo\u0159\u00e1d\u00e1vat s jej\u00edmi n\u00e1sledky. Na pandemii a nezbytn\u00e1 opat\u0159en\u00ed doplatili nejen v na\u0161em odv\u011btv\u00ed nejv\u00edc ti nejzraniteln\u011bj\u0161\u00ed. Knihkupectv\u00ed provozuj\u00ed srdca\u0159i a velc\u00ed knihomolov\u00e9, kter\u00fdm i kr\u00e1tk\u00fd v\u00fdpadek p\u0159\u00edjm\u016f doslova zlom\u00ed vaz. A vy jim m\u016f\u017eete pomoci!<\/p>\n<p>Kni\u017en\u00ed nakladatel\u00e9 se rozhodli v tomto t\u011b\u017ek\u00e9m obdob\u00ed sv\u00e9 kolegy podpo\u0159it. Vzali sv\u00e9 nejprod\u00e1van\u011bj\u0161\u00ed tituly a u ka\u017ed\u00e9ho z nich se vzdali \u010d\u00e1sti zisku ve prosp\u011bch knihkupectv\u00ed. Nakladatel\u00e9 se u\u017e hrdiny stali, nyn\u00ed se jimi m\u016f\u017eete st\u00e1t i vy, na\u0161i \u010dten\u00e1\u0159i.<\/p>\n<p><img fetchpriority=\"high\" decoding=\"async\" class=\"aligncenter size-full wp-image-13567\" src=\"https:\/\/www.luxor.cz\/blog\/wp-content\/uploads\/PKL-Blog2-1.png\" alt=\"\" width=\"780\" height=\"519\" title=\"\" srcset=\"https:\/\/www.luxor.cz\/blog\/wp-content\/uploads\/PKL-Blog2-1.png 780w, https:\/\/www.luxor.cz\/blog\/wp-content\/uploads\/PKL-Blog2-1-600x399.png 600w, https:\/\/www.luxor.cz\/blog\/wp-content\/uploads\/PKL-Blog2-1-300x200.png 300w, https:\/\/www.luxor.cz\/blog\/wp-content\/uploads\/PKL-Blog2-1-768x511.png 768w\" sizes=\"(max-width: 780px) 100vw, 780px\" \/><\/p>\n<p>Za ka\u017edou prodanou knihu z v\u00fdb\u011bru bestseller\u016f tedy poputuje 10 K\u010d p\u0159\u00edmo na podporu knihkupectv\u00ed, v\u00a0n\u011bm\u017e si knihu koup\u00edte.<\/p>\n<p>Katalog s knihami si m\u016f\u017eete <strong><a href=\"https:\/\/www.zachranknihkupectvi.cz\/\" target=\"_blank\" rel=\"noopener\">prolistovat ZDE<\/a><\/strong>. A pak u\u017e p\u0159ij\u010fte do sv\u00e9ho obl\u00edben\u00e9ho knihkupectv\u00ed Luxor a podpo\u0159te je t\u00edm, \u017ee si ud\u011bl\u00e1te kni\u017en\u00ed radost.<\/p>\n<p>T\u011b\u0161\u00edme se na v\u00e1s v\u00a0Luxoru!<\/p>\n<p>&nbsp;<\/p>\n","protected":false},"excerpt":{"rendered":"<p>Jsme n\u00e1rodem \u010dten\u00e1\u0159\u016f. A pr\u00e1v\u011b te\u010f m\u016f\u017eete touto v\u00e1\u0161n\u00ed zachr\u00e1nit sv\u00e9 obl\u00edben\u00e9 knihkupectv\u00ed Luxor. Sta\u0148te se na\u0161imi hrdiny!\u200b Krize je snad ji\u017e za\u017eehn\u00e1na, nyn\u00ed se za\u010dneme vypo\u0159\u00e1d\u00e1vat s jej\u00edmi n\u00e1sledky. [&hellip;]<\/p>\n","protected":false},"author":2,"featured_media":13651,"comment_status":"open","ping_status":"open","sticky":false,"template":"","format":"standard","meta":{"_acf_changed":false,"_monsterinsights_skip_tracking":false,"_monsterinsights_sitenote_active":false,"_monsterinsights_sitenote_note":"","_monsterinsights_sitenote_category":0,"_EventAllDay":false,"_EventTimezone":"","_EventStartDate":"","_EventEndDate":"","_EventStartDateUTC":"","_EventEndDateUTC":"","_EventShowMap":false,"_EventShowMapLink":false,"_EventURL":"","_EventCost":"","_EventCostDescription":"","_EventCurrencySymbol":"","_EventCurrencyCode":"","_EventCurrencyPosition":"","_EventDateTimeSeparator":"","_EventTimeRangeSeparator":"","_EventOrganizerID":[],"_EventVenueID":[],"_OrganizerEmail":"","_OrganizerPhone":"","_OrganizerWebsite":"","_VenueAddress":"","_VenueCity":"","_VenueCountry":"","_VenueProvince":"","_VenueState":"","_VenueZip":"","_VenuePhone":"","_VenueURL":"","_VenueStateProvince":"","_VenueLat":"","_VenueLng":"","_VenueShowMap":false,"_VenueShowMapLink":false,"twitterCardType":"","cardImageID":0,"cardImage":"","cardTitle":"","cardDesc":"","cardImageAlt":"","cardPlayer":"","cardPlayerWidth":0,"cardPlayerHeight":0,"cardPlayerStream":"","cardPlayerCodec":"","footnotes":""},"categories":[5],"tags":[67,20791,20792,42,41,20790],"class_list":["post-13650","post","type-post","status-publish","format-standard","has-post-thumbnail","hentry","category-aktuality","tag-akce","tag-dobry-skutek","tag-karantena","tag-knihkupectvi","tag-luxor","tag-zachrante"],"acf":{"related_products":null},"_links":{"self":[{"href":"https:\/\/www.luxor.cz\/blog\/wp-json\/wp\/v2\/posts\/13650","targetHints":{"allow":["GET"]}}],"collection":[{"href":"https:\/\/www.luxor.cz\/blog\/wp-json\/wp\/v2\/posts"}],"about":[{"href":"https:\/\/www.luxor.cz\/blog\/wp-json\/wp\/v2\/types\/post"}],"author":[{"embeddable":true,"href":"https:\/\/www.luxor.cz\/blog\/wp-json\/wp\/v2\/users\/2"}],"replies":[{"embeddable":true,"href":"https:\/\/www.luxor.cz\/blog\/wp-json\/wp\/v2\/comments?post=13650"}],"version-history":[{"count":0,"href":"https:\/\/www.luxor.cz\/blog\/wp-json\/wp\/v2\/posts\/13650\/revisions"}],"wp:featuredmedia":[{"embeddable":true,"href":"https:\/\/www.luxor.cz\/blog\/wp-json\/wp\/v2\/media\/13651"}],"wp:attachment":[{"href":"https:\/\/www.luxor.cz\/blog\/wp-json\/wp\/v2\/media?parent=13650"}],"wp:term":[{"taxonomy":"category","embeddable":true,"href":"https:\/\/www.luxor.cz\/blog\/wp-json\/wp\/v2\/categories?post=13650"},{"taxonomy":"post_tag","embeddable":true,"href":"https:\/\/www.luxor.cz\/blog\/wp-json\/wp\/v2\/tags?post=13650"}],"curies":[{"name":"wp","href":"https:\/\/api.w.org\/{rel}","templated":true}]}}